{"id":494,"date":"2022-09-13T13:16:57","date_gmt":"2022-09-13T13:16:57","guid":{"rendered":"http:\/\/arkistoyhdistys.fi\/?p=494"},"modified":"2022-09-13T13:16:58","modified_gmt":"2022-09-13T13:16:58","slug":"arkistojen-paiva-2022-ja-vuoden-arkistoteko","status":"publish","type":"post","link":"https:\/\/arkistoyhdistys.fi\/index.php\/2022\/09\/13\/arkistojen-paiva-2022-ja-vuoden-arkistoteko\/","title":{"rendered":"Arkistojen p\u00e4iv\u00e4 2022 ja Vuoden arkistoteko"},"content":{"rendered":"\n<h2 class=\"wp-block-heading\"><strong>Rauha ja yst\u00e4vyys\u201d \u2013 Pohjoismainen arkistojen p\u00e4iv\u00e4 2022<\/strong><\/h2>\n\n\n\n<p>Kutsumme kaikki Suomen arkistot j\u00e4rjest\u00e4m\u00e4\u00e4n vuoden 2022 Pohjoismaiseen arkistojen p\u00e4iv\u00e4\u00e4n liittyv\u00e4\u00e4 toimintaa ja tapahtumia.&nbsp;<\/p>\n\n\n\n<p>T\u00e4m\u00e4n vuoden teemana on: \u201dRauha ja yst\u00e4vyys\u201d. Arkistojen p\u00e4iv\u00e4n teemaa voi tulkita laajasti ja soveltaa vapaasti omien l\u00e4ht\u00f6kohtien mukaan. Vain mielikuvitus on rajoitteena!<\/p>\n\n\n\n<p>Arkistojen p\u00e4iv\u00e4\u00e4 vietet\u00e4\u00e4n 12.11.2022. Ajankohta ei ole sitova \u2013 p\u00e4iv\u00e4\u00e4 voi hyvin viett\u00e4\u00e4 esimerkiksi jonain arkip\u00e4iv\u00e4n\u00e4 edelt\u00e4v\u00e4n\u00e4 tai seuraavalla viikolla.<\/p>\n\n\n\n<p>Arkistot voivat julkaista halutessaan Arkistojen p\u00e4iv\u00e4n verkkosivuilla tietoja omista <a href=\"https:\/\/musiikkiarkisto.fi\/ap\/index.php\/tapahtumat\/\" target=\"_blank\" rel=\"noreferrer noopener\">tapahtumistaan<\/a>.<\/p>\n\n\n\n<p>Tapahtumien tietoja voi ilmoittaa Juha Henrikssonille, juha@musiikkiarkisto.fi.<\/p>\n\n\n\n<p>Arkistojen p\u00e4iv\u00e4n uusilla <a rel=\"noreferrer noopener\" href=\"https:\/\/musiikkiarkisto.fi\/ap\/\" target=\"_blank\">verkkosivuilla<\/a> on lis\u00e4tietoja Arkistojen p\u00e4iv\u00e4st\u00e4 ja Vuoden arkistoteosta.<\/p>\n\n\n\n<p><\/p>\n\n\n\n<h2 class=\"wp-block-heading\"><strong>Ehdota vuoden arkistotekoa 2022<\/strong><\/h2>\n\n\n\n<p>Vuoden arkistoteko -palkinnoilla halutaan nostaa esille arkistojen kannalta t\u00e4rkeit\u00e4 tekoja rohkaisemalla ja palkitsemalla aktiivisuutta, hyvi\u00e4 ideoita ja konkreettista arkistoty\u00f6t\u00e4. My\u00f6s pienet mutta hyv\u00e4t teot ovat mainitsemisen arvoisia!<\/p>\n\n\n\n<p>Vaikuta ja ehdota! Kysymykseen voi tulla henkil\u00f6t tai ryhm\u00e4t, jotka ovat viimeisen vuoden aikana esim.<\/p>\n\n\n\n<p>\u2022&nbsp;&nbsp;&nbsp;&nbsp;luovuttaneet merkitt\u00e4v\u00e4\u00e4 arkistoaineistoa<\/p>\n\n\n\n<p>\u2022&nbsp;&nbsp;&nbsp;&nbsp;j\u00e4rjest\u00e4neet kiinnostavan arkistoihin liittyv\u00e4n tapahtuman<\/p>\n\n\n\n<p>\u2022&nbsp;&nbsp;&nbsp;&nbsp;kehitt\u00e4neet arkistoty\u00f6n menetelmi\u00e4<\/p>\n\n\n\n<p>\u2022&nbsp;&nbsp;&nbsp;&nbsp;edist\u00e4neet arkistoaineiston k\u00e4ytett\u00e4vyytt\u00e4 ja tunnettavuutta<\/p>\n\n\n\n<p>\u2022&nbsp;&nbsp;&nbsp;&nbsp;edist\u00e4neet arkistotieteellist\u00e4 tutkimusta tai koulutusta<\/p>\n\n\n\n<p>\u2022&nbsp;&nbsp;&nbsp;&nbsp;tehneet arkistoalaa tunnetuksi<\/p>\n\n\n\n<p>Vuoden arkistoteko julkistetaan Arkistoyhdistyksen syysseminaarissa Tieteiden talolla 11.11.2022.<\/p>\n\n\n\n<p>Perustellut ehdotukset pyydet\u00e4\u00e4n toimittamaan 26.10.2022 menness\u00e4 Juha Henrikssonille,\u00a0<a href=\"mailto:juha@musiikkiarkisto.fi\">juha@musiikkiarkisto.fi<\/a>.<\/p>\n\n\n\n<p>Arkistojen p\u00e4iv\u00e4n <a href=\"https:\/\/musiikkiarkisto.fi\/ap\/\">verkkosivuilla<\/a> on lis\u00e4tietoja Arkistojen p\u00e4iv\u00e4st\u00e4 ja Vuoden arkistoteosta.<\/p>\n","protected":false},"excerpt":{"rendered":"<p>Rauha ja yst\u00e4vyys\u201d \u2013 Pohjoismainen arkistojen p\u00e4iv\u00e4 2022 Kutsumme kaikki Suomen arkistot j\u00e4rjest\u00e4m\u00e4\u00e4n vuoden 2022 Pohjoismaiseen arkistojen p\u00e4iv\u00e4\u00e4n liittyv\u00e4\u00e4 toimintaa ja tapahtumia.&nbsp; T\u00e4m\u00e4n vuoden teemana on: \u201dRauha ja yst\u00e4vyys\u201d. Arkistojen p\u00e4iv\u00e4n teemaa voi tulkita laajasti ja soveltaa vapaasti omien l\u00e4ht\u00f6kohtien mukaan. Vain mielikuvitus on rajoitteena! Arkistojen p\u00e4iv\u00e4\u00e4 vietet\u00e4\u00e4n 12.11.2022. Ajankohta ei ole sitova \u2013 p\u00e4iv\u00e4\u00e4 [&hellip;]<\/p>\n","protected":false},"author":1,"featured_media":0,"comment_status":"closed","ping_status":"open","sticky":false,"template":"","format":"standard","meta":{"footnotes":""},"categories":[1],"tags":[],"class_list":["post-494","post","type-post","status-publish","format-standard","hentry","category-tiedotteet-tiedotteet"],"_links":{"self":[{"href":"https:\/\/arkistoyhdistys.fi\/index.php\/wp-json\/wp\/v2\/posts\/494","targetHints":{"allow":["GET"]}}],"collection":[{"href":"https:\/\/arkistoyhdistys.fi\/index.php\/wp-json\/wp\/v2\/posts"}],"about":[{"href":"https:\/\/arkistoyhdistys.fi\/index.php\/wp-json\/wp\/v2\/types\/post"}],"author":[{"embeddable":true,"href":"https:\/\/arkistoyhdistys.fi\/index.php\/wp-json\/wp\/v2\/users\/1"}],"replies":[{"embeddable":true,"href":"https:\/\/arkistoyhdistys.fi\/index.php\/wp-json\/wp\/v2\/comments?post=494"}],"version-history":[{"count":1,"href":"https:\/\/arkistoyhdistys.fi\/index.php\/wp-json\/wp\/v2\/posts\/494\/revisions"}],"predecessor-version":[{"id":495,"href":"https:\/\/arkistoyhdistys.fi\/index.php\/wp-json\/wp\/v2\/posts\/494\/revisions\/495"}],"wp:attachment":[{"href":"https:\/\/arkistoyhdistys.fi\/index.php\/wp-json\/wp\/v2\/media?parent=494"}],"wp:term":[{"taxonomy":"category","embeddable":true,"href":"https:\/\/arkistoyhdistys.fi\/index.php\/wp-json\/wp\/v2\/categories?post=494"},{"taxonomy":"post_tag","embeddable":true,"href":"https:\/\/arkistoyhdistys.fi\/index.php\/wp-json\/wp\/v2\/tags?post=494"}],"curies":[{"name":"wp","href":"https:\/\/api.w.org\/{rel}","templated":true}]}}